{"id":1063,"date":"2025-05-14T14:21:53","date_gmt":"2025-05-14T12:21:53","guid":{"rendered":"http:\/\/nessxpress.de\/?p=1063"},"modified":"2025-10-08T12:35:52","modified_gmt":"2025-10-08T10:35:52","slug":"warum-ist-der-hase-ein-symbol-fuer-ostern","status":"publish","type":"post","link":"https:\/\/nessxpress.de\/index.php\/2025\/05\/14\/warum-ist-der-hase-ein-symbol-fuer-ostern\/","title":{"rendered":"Warum ist der Hase ein Symbol f\u00fcr Ostern?"},"content":{"rendered":"\n<p>Fragt ihr euch auch manchmal, warum der Hase ein Symbol f\u00fcr Ostern ist? Hier findest du die Antwort!<\/p>\n\n\n\n<p>Der Hase steht in der Tier-Symbolik als ein Zeichen f\u00fcr die Auferstehung, da der Wildhase seine Augen beim Schlafen nicht schlie\u00dft. Im Christentum ist die Auferstehung mit Jesus verkn\u00fcpft. Jesus ist danach am dritten Tage nach seinem Tod auferstanden. Und so kommt es, dass der Hase auch von den Christen mit Ostern verkn\u00fcpft wird.<\/p>\n\n\n\n<p>Andere Erkl\u00e4rungen sind teilweise noch \u00e4lter und dort wird der Osterhase mit dem Fr\u00fchjahr verbunden, weil er als Symbol f\u00fcr Fruchtbarkeit gilt, die wiederum auf das wiederkehrende Leben nach dem Winter hinweist.<\/p>\n\n\n\n<p>Habt ihr euch die Frage, weshalb der Hase f\u00fcr Ostern steht auch schon gestellt?Ja? Dann hoffe ich, dass ich euch diese Fragen beantworten konnte.<\/p>\n\n\n\n<p>Sch\u00f6ne Osterfeiertage und sch\u00f6ne Ostern w\u00fcnscht euch der NessXpress ;-)\ud83d\udc07\ud83d\udc07<\/p>\n\n\n<div class=\"wp-block-post-author-name\">Jasmine V\u00f6gele<\/div>","protected":false},"excerpt":{"rendered":"<p>Fragt ihr euch auch manchmal, warum der Hase ein Symbol f\u00fcr Ostern ist? Hier findest du die Antwort! Der Hase steht in der Tier-Symbolik als ein Zeichen f\u00fcr die Auferstehung, da der Wildhase seine Augen beim Schlafen nicht schlie\u00dft. Im Christentum ist die Auferstehung mit Jesus verkn\u00fcpft. Jesus ist danach am dritten Tage nach seinem [&hellip;]<\/p>\n","protected":false},"author":9,"featured_media":606,"comment_status":"open","ping_status":"open","sticky":false,"template":"","format":"standard","meta":{"_FSMCFIC_featured_image_caption":"","_FSMCFIC_featured_image_nocaption":"","_FSMCFIC_featured_image_hide":"","footnotes":""},"categories":[1],"tags":[92,90],"class_list":["post-1063","post","type-post","status-publish","format-standard","has-post-thumbnail","hentry","category-standard","tag-feste","tag-kultur"],"cc_featured_image_caption":{"caption_text":false,"source_text":false,"source_url":false},"_links":{"self":[{"href":"https:\/\/nessxpress.de\/index.php\/wp-json\/wp\/v2\/posts\/1063","targetHints":{"allow":["GET"]}}],"collection":[{"href":"https:\/\/nessxpress.de\/index.php\/wp-json\/wp\/v2\/posts"}],"about":[{"href":"https:\/\/nessxpress.de\/index.php\/wp-json\/wp\/v2\/types\/post"}],"author":[{"embeddable":true,"href":"https:\/\/nessxpress.de\/index.php\/wp-json\/wp\/v2\/users\/9"}],"replies":[{"embeddable":true,"href":"https:\/\/nessxpress.de\/index.php\/wp-json\/wp\/v2\/comments?post=1063"}],"version-history":[{"count":4,"href":"https:\/\/nessxpress.de\/index.php\/wp-json\/wp\/v2\/posts\/1063\/revisions"}],"predecessor-version":[{"id":1177,"href":"https:\/\/nessxpress.de\/index.php\/wp-json\/wp\/v2\/posts\/1063\/revisions\/1177"}],"wp:featuredmedia":[{"embeddable":true,"href":"https:\/\/nessxpress.de\/index.php\/wp-json\/wp\/v2\/media\/606"}],"wp:attachment":[{"href":"https:\/\/nessxpress.de\/index.php\/wp-json\/wp\/v2\/media?parent=1063"}],"wp:term":[{"taxonomy":"category","embeddable":true,"href":"https:\/\/nessxpress.de\/index.php\/wp-json\/wp\/v2\/categories?post=1063"},{"taxonomy":"post_tag","embeddable":true,"href":"https:\/\/nessxpress.de\/index.php\/wp-json\/wp\/v2\/tags?post=1063"}],"curies":[{"name":"wp","href":"https:\/\/api.w.org\/{rel}","templated":true}]}}