{"id":1386,"date":"2026-03-03T15:00:19","date_gmt":"2026-03-03T14:00:19","guid":{"rendered":"https:\/\/nessxpress.de\/?p=1386"},"modified":"2026-03-04T18:02:53","modified_gmt":"2026-03-04T17:02:53","slug":"harry-potter-und-der-stein-der-weisen-meine-meinung-dazu","status":"publish","type":"post","link":"https:\/\/nessxpress.de\/index.php\/2026\/03\/03\/harry-potter-und-der-stein-der-weisen-meine-meinung-dazu\/","title":{"rendered":"Harry Potter und der Stein der Weisen &#8211; meine Meinung dazu"},"content":{"rendered":"\n<figure class=\"wp-block-image alignleft size-large is-resized\"><img loading=\"lazy\" decoding=\"async\" width=\"689\" height=\"1024\" src=\"http:\/\/nessxpress.de\/wp-content\/uploads\/2026\/03\/P1140427-scaled-e1772614898757-689x1024.jpg\" alt=\"Fotografie (eigenes Bild) Harry Potter und der Stein der Weisen Titelbild\/ Cover. Fotografie 2026.\" class=\"wp-image-1874\" style=\"aspect-ratio:0.672846902233049;width:289px;height:auto\" srcset=\"https:\/\/nessxpress.de\/wp-content\/uploads\/2026\/03\/P1140427-scaled-e1772614898757-689x1024.jpg 689w, https:\/\/nessxpress.de\/wp-content\/uploads\/2026\/03\/P1140427-scaled-e1772614898757-202x300.jpg 202w, https:\/\/nessxpress.de\/wp-content\/uploads\/2026\/03\/P1140427-scaled-e1772614898757-768x1142.jpg 768w, https:\/\/nessxpress.de\/wp-content\/uploads\/2026\/03\/P1140427-scaled-e1772614898757-1033x1536.jpg 1033w, https:\/\/nessxpress.de\/wp-content\/uploads\/2026\/03\/P1140427-scaled-e1772614898757-1377x2048.jpg 1377w, https:\/\/nessxpress.de\/wp-content\/uploads\/2026\/03\/P1140427-scaled-e1772614898757.jpg 1438w\" sizes=\"auto, (max-width: 689px) 100vw, 689px\" \/><\/figure>\n\n\n\n<p>In diesem Artikel erz\u00e4hle ich Euch etwas \u00fcber das Buch \u00bbHarry Potter und der Stein der Weisen\u00ab von J. K. Rowling. Das Buch handelt von dem jungen Harry, der an seinem 11. Geburtstag erf\u00e4hrt, dass er ein Zauberer ist und auf eine Zauberschule gehen wird. Dort warten Feinde, denen er sich zum Gl\u00fcck nicht allein, sondern mit seinen neuen Freunden Ron und Hermine stellen muss.<\/p>\n\n\n\n<div class=\"wp-block-group is-nowrap is-layout-flex wp-container-core-group-is-layout-6c531013 wp-block-group-is-layout-flex\">\n<p>Die&nbsp;deutsche Ausgabe von Harry Potter und der Stein der Weisen erschien 1997 auf dem Markt. In den Folgenjahren erschienen die Fortsetzungen \u00bbHarry Potter und die Kammer des Schreckens\u00ab (1998), \u00bbHarry Potter und der Gefangene von Askaban\u00ab (1999), \u00bbHarry Potter und der Feuerkelch\u00ab (2000), \u00bbHarry&nbsp;Potter und der Halbblutprinz\u00ab&nbsp;(2005) und schlie\u00dflich \u00bbHarry Potter und die Heiligt\u00fcmer des Todes\u00ab (2007).<\/p>\n<\/div>\n\n\n\n<div class=\"wp-block-group is-nowrap is-layout-flex wp-container-core-group-is-layout-6c531013 wp-block-group-is-layout-flex\">\n<p>Das Buch ist sehr unterhaltsam, weil es actionreich ist, und es nie langweilig wird, in die Welt von Hogwarts einzutauchen. Es kommen au\u00dferdem immer neue, bedrohliche Gegner und merkw\u00fcrdige Kreaturen vor. Mir gef\u00e4llt es nat\u00fcrlich auch, weil Harry, die Hauptfigur, im ersten Band 11 Jahre alt, also genau in meinem Alter ist und ich mir deswegen leicht vorstellen kann, wie es w\u00e4re, pl\u00f6tzlich ein Zauberer auf einer Zauberschule zu sein. Ich mag auch die K\u00e4mpfe am Ende des Buches. Dass Lord Voldemort nie ganz vertrieben ist, ist immer ein Ansporn, den n\u00e4chsten Band zu lesen. Ich w\u00fcrde also empfehlen, Harry Potter und der Stein der Weisen mit sp\u00e4testens 11 Jahren zu lesen. \u2026 und falls Ihr den Roman noch nicht gelesen habt, empfehle ich euch, das zu \u00e4ndern!<\/p>\n<\/div>\n\n\n<div class=\"wp-block-post-author\"><div class=\"wp-block-post-author__avatar\"><\/div><div class=\"wp-block-post-author__content\"><p class=\"wp-block-post-author__name\">Eric Hinterberger<\/p><\/div><\/div>","protected":false},"excerpt":{"rendered":"<p>In diesem Artikel erz\u00e4hle ich Euch etwas \u00fcber das Buch \u00bbHarry Potter und der Stein der Weisen\u00ab von J. K. Rowling. Das Buch handelt von dem jungen Harry, der an seinem 11. Geburtstag erf\u00e4hrt, dass er ein Zauberer ist und auf eine Zauberschule gehen wird. Dort warten Feinde, denen er sich zum Gl\u00fcck nicht allein, [&hellip;]<\/p>\n","protected":false},"author":24,"featured_media":1807,"comment_status":"open","ping_status":"open","sticky":false,"template":"","format":"standard","meta":{"_FSMCFIC_featured_image_caption":"","_FSMCFIC_featured_image_nocaption":"","_FSMCFIC_featured_image_hide":"","footnotes":""},"categories":[1],"tags":[],"class_list":["post-1386","post","type-post","status-publish","format-standard","has-post-thumbnail","hentry","category-standard"],"cc_featured_image_caption":{"caption_text":false,"source_text":false,"source_url":false},"_links":{"self":[{"href":"https:\/\/nessxpress.de\/index.php\/wp-json\/wp\/v2\/posts\/1386","targetHints":{"allow":["GET"]}}],"collection":[{"href":"https:\/\/nessxpress.de\/index.php\/wp-json\/wp\/v2\/posts"}],"about":[{"href":"https:\/\/nessxpress.de\/index.php\/wp-json\/wp\/v2\/types\/post"}],"author":[{"embeddable":true,"href":"https:\/\/nessxpress.de\/index.php\/wp-json\/wp\/v2\/users\/24"}],"replies":[{"embeddable":true,"href":"https:\/\/nessxpress.de\/index.php\/wp-json\/wp\/v2\/comments?post=1386"}],"version-history":[{"count":9,"href":"https:\/\/nessxpress.de\/index.php\/wp-json\/wp\/v2\/posts\/1386\/revisions"}],"predecessor-version":[{"id":1929,"href":"https:\/\/nessxpress.de\/index.php\/wp-json\/wp\/v2\/posts\/1386\/revisions\/1929"}],"wp:featuredmedia":[{"embeddable":true,"href":"https:\/\/nessxpress.de\/index.php\/wp-json\/wp\/v2\/media\/1807"}],"wp:attachment":[{"href":"https:\/\/nessxpress.de\/index.php\/wp-json\/wp\/v2\/media?parent=1386"}],"wp:term":[{"taxonomy":"category","embeddable":true,"href":"https:\/\/nessxpress.de\/index.php\/wp-json\/wp\/v2\/categories?post=1386"},{"taxonomy":"post_tag","embeddable":true,"href":"https:\/\/nessxpress.de\/index.php\/wp-json\/wp\/v2\/tags?post=1386"}],"curies":[{"name":"wp","href":"https:\/\/api.w.org\/{rel}","templated":true}]}}